{"id":1994,"date":"2019-10-07T02:10:14","date_gmt":"2019-10-07T00:10:14","guid":{"rendered":"http:\/\/www.ortocenter.es\/blog\/?p=1994"},"modified":"2019-10-07T17:33:39","modified_gmt":"2019-10-07T15:33:39","slug":"fracturas-de-estres","status":"publish","type":"post","link":"http:\/\/www.ortocenter.es\/blog\/fracturas-de-estres\/","title":{"rendered":"Fracturas de estr\u00e9s"},"content":{"rendered":"<p>Hace unos d\u00edas ven\u00eda a la ortopedia una se\u00f1ora para hacerse unas plantillas. La se\u00f1ora se quejaba de que ten\u00eda una fractura en el dedo peque\u00f1o del pie derecho. La experiencia nos muestra que estas fracturas del dedo peque\u00f1o del pie suelen responder a un pie inestable.<span class=\"Apple-converted-space\">\u00a0<\/span><\/p>\n<p>As\u00ed se lo hice saber a la se\u00f1ora. Recuerdo que cuando le saqu\u00e9 la pedigraf\u00eda me encontr\u00e9 con la siguiente huella:\u00a0<a href=\"http:\/\/www.ortocenter.es\/blog\/wp-content\/uploads\/2019\/10\/pie11.png\"><img decoding=\"async\" loading=\"lazy\" class=\"size-medium wp-image-1995 aligncenter\" src=\"http:\/\/www.ortocenter.es\/blog\/wp-content\/uploads\/2019\/10\/pie11-300x174.png\" alt=\"\" width=\"300\" height=\"174\" srcset=\"http:\/\/www.ortocenter.es\/blog\/wp-content\/uploads\/2019\/10\/pie11-300x174.png 300w, http:\/\/www.ortocenter.es\/blog\/wp-content\/uploads\/2019\/10\/pie11.png 323w\" sizes=\"(max-width: 300px) 100vw, 300px\" \/><\/a><\/p>\n<p>Si observamos este pie s\u00f3lo vemos dos puntos de apoyo. Eso hace que el pie bascule hacia los dos lados provocando sobrecargas continuas en los dedos m\u00e1s externos: el primero (el gordo) y el quinto. Pero el que suele fracturarse es el m\u00e1s vulnerable, es decir el peque\u00f1o.<span class=\"Apple-converted-space\">\u00a0<\/span><\/p>\n<p><span class=\"Apple-converted-space\">\u00a0<\/span>Una huella normal como la siguiente presenta 3 puntos de apoyo.<span class=\"Apple-converted-space\">\u00a0<\/span><a href=\"http:\/\/www.ortocenter.es\/blog\/wp-content\/uploads\/2019\/10\/pie12.png\"><img decoding=\"async\" loading=\"lazy\" class=\"size-medium wp-image-1996 aligncenter\" src=\"http:\/\/www.ortocenter.es\/blog\/wp-content\/uploads\/2019\/10\/pie12-172x300.png\" alt=\"\" width=\"172\" height=\"300\" srcset=\"http:\/\/www.ortocenter.es\/blog\/wp-content\/uploads\/2019\/10\/pie12-172x300.png 172w, http:\/\/www.ortocenter.es\/blog\/wp-content\/uploads\/2019\/10\/pie12.png 238w\" sizes=\"(max-width: 172px) 100vw, 172px\" \/><\/a><\/p>\n<p>Este pie no se va hacia los lados y por tanto no presenta este problema. Si su huella no es como esta, una plantilla la corrige para que Vd. pise de una manera adecuada.<\/p>\n<p><span class=\"Apple-converted-space\">\u00a0<\/span>Consulte con su especialista.<\/p>\n<p>Ignacio N\u00e1jera<\/p>\n<p>Gerente de Ortocenter<\/p>\n","protected":false},"excerpt":{"rendered":"<p>Hace unos d\u00edas ven\u00eda a la ortopedia una se\u00f1ora para hacerse unas plantillas. La se\u00f1ora se quejaba de que ten\u00eda una fractura en el dedo peque\u00f1o del pie derecho. La experiencia nos muestra que estas fracturas del dedo peque\u00f1o del pie suelen responder a un pie inestable.\u00a0 As\u00ed se lo hice saber a la se\u00f1ora. [&hellip;]<\/p>\n","protected":false},"author":1,"featured_media":0,"comment_status":"open","ping_status":"open","sticky":false,"template":"","format":"standard","meta":[],"categories":[8,1,4,7],"tags":[],"_links":{"self":[{"href":"http:\/\/www.ortocenter.es\/blog\/wp-json\/wp\/v2\/posts\/1994"}],"collection":[{"href":"http:\/\/www.ortocenter.es\/blog\/wp-json\/wp\/v2\/posts"}],"about":[{"href":"http:\/\/www.ortocenter.es\/blog\/wp-json\/wp\/v2\/types\/post"}],"author":[{"embeddable":true,"href":"http:\/\/www.ortocenter.es\/blog\/wp-json\/wp\/v2\/users\/1"}],"replies":[{"embeddable":true,"href":"http:\/\/www.ortocenter.es\/blog\/wp-json\/wp\/v2\/comments?post=1994"}],"version-history":[{"count":1,"href":"http:\/\/www.ortocenter.es\/blog\/wp-json\/wp\/v2\/posts\/1994\/revisions"}],"predecessor-version":[{"id":1997,"href":"http:\/\/www.ortocenter.es\/blog\/wp-json\/wp\/v2\/posts\/1994\/revisions\/1997"}],"wp:attachment":[{"href":"http:\/\/www.ortocenter.es\/blog\/wp-json\/wp\/v2\/media?parent=1994"}],"wp:term":[{"taxonomy":"category","embeddable":true,"href":"http:\/\/www.ortocenter.es\/blog\/wp-json\/wp\/v2\/categories?post=1994"},{"taxonomy":"post_tag","embeddable":true,"href":"http:\/\/www.ortocenter.es\/blog\/wp-json\/wp\/v2\/tags?post=1994"}],"curies":[{"name":"wp","href":"https:\/\/api.w.org\/{rel}","templated":true}]}}