{"id":2026,"date":"2019-12-02T15:55:26","date_gmt":"2019-12-02T14:55:26","guid":{"rendered":"http:\/\/www.ortocenter.es\/blog\/?p=2026"},"modified":"2019-12-17T12:02:03","modified_gmt":"2019-12-17T11:02:03","slug":"patologias-traumatologicos-mas-frecuentes-en-ninos-de-entre-5-y-10-anos","status":"publish","type":"post","link":"http:\/\/www.ortocenter.es\/blog\/patologias-traumatologicos-mas-frecuentes-en-ninos-de-entre-5-y-10-anos\/","title":{"rendered":"Patolog\u00edas traumatol\u00f3gicas m\u00e1s frecuentes en ni\u00f1os de 5 a 10 a\u00f1os."},"content":{"rendered":"\n<p><strong>Dr. Francisco Castillo Ben\u00edtez<\/strong><\/p>\n\n\n\n<p>Cirug\u00eda ortop\u00e9dica y Traumatolog\u00eda infantil<\/p>\n\n\n\n<p><\/p>\n\n\n\n<p><\/p>\n\n\n\n<figure class=\"wp-block-image\"><img decoding=\"async\" loading=\"lazy\" width=\"1024\" height=\"560\" src=\"http:\/\/www.ortocenter.es\/blog\/wp-content\/uploads\/2019\/12\/Trastornos_traumat\u00f3logicos_m\u00e1s_frecuentes-1024x560.png\" alt=\"\" class=\"wp-image-2027\" srcset=\"http:\/\/www.ortocenter.es\/blog\/wp-content\/uploads\/2019\/12\/Trastornos_traumat\u00f3logicos_m\u00e1s_frecuentes-1024x560.png 1024w, http:\/\/www.ortocenter.es\/blog\/wp-content\/uploads\/2019\/12\/Trastornos_traumat\u00f3logicos_m\u00e1s_frecuentes-300x164.png 300w, http:\/\/www.ortocenter.es\/blog\/wp-content\/uploads\/2019\/12\/Trastornos_traumat\u00f3logicos_m\u00e1s_frecuentes-768x420.png 768w, http:\/\/www.ortocenter.es\/blog\/wp-content\/uploads\/2019\/12\/Trastornos_traumat\u00f3logicos_m\u00e1s_frecuentes-624x341.png 624w, http:\/\/www.ortocenter.es\/blog\/wp-content\/uploads\/2019\/12\/Trastornos_traumat\u00f3logicos_m\u00e1s_frecuentes.png 1837w\" sizes=\"(max-width: 1024px) 100vw, 1024px\" \/><\/figure>\n","protected":false},"excerpt":{"rendered":"<p>Dr. Francisco Castillo Ben\u00edtez Cirug\u00eda ortop\u00e9dica y Traumatolog\u00eda infantil<\/p>\n","protected":false},"author":1,"featured_media":0,"comment_status":"open","ping_status":"open","sticky":false,"template":"","format":"standard","meta":[],"categories":[267,21,1,4,40],"tags":[],"_links":{"self":[{"href":"http:\/\/www.ortocenter.es\/blog\/wp-json\/wp\/v2\/posts\/2026"}],"collection":[{"href":"http:\/\/www.ortocenter.es\/blog\/wp-json\/wp\/v2\/posts"}],"about":[{"href":"http:\/\/www.ortocenter.es\/blog\/wp-json\/wp\/v2\/types\/post"}],"author":[{"embeddable":true,"href":"http:\/\/www.ortocenter.es\/blog\/wp-json\/wp\/v2\/users\/1"}],"replies":[{"embeddable":true,"href":"http:\/\/www.ortocenter.es\/blog\/wp-json\/wp\/v2\/comments?post=2026"}],"version-history":[{"count":3,"href":"http:\/\/www.ortocenter.es\/blog\/wp-json\/wp\/v2\/posts\/2026\/revisions"}],"predecessor-version":[{"id":2031,"href":"http:\/\/www.ortocenter.es\/blog\/wp-json\/wp\/v2\/posts\/2026\/revisions\/2031"}],"wp:attachment":[{"href":"http:\/\/www.ortocenter.es\/blog\/wp-json\/wp\/v2\/media?parent=2026"}],"wp:term":[{"taxonomy":"category","embeddable":true,"href":"http:\/\/www.ortocenter.es\/blog\/wp-json\/wp\/v2\/categories?post=2026"},{"taxonomy":"post_tag","embeddable":true,"href":"http:\/\/www.ortocenter.es\/blog\/wp-json\/wp\/v2\/tags?post=2026"}],"curies":[{"name":"wp","href":"https:\/\/api.w.org\/{rel}","templated":true}]}}