{"id":1056,"date":"2017-03-07T14:12:03","date_gmt":"2017-03-07T13:12:03","guid":{"rendered":"http:\/\/www.ortocenter.es\/blog\/?p=1056"},"modified":"2017-08-01T19:09:24","modified_gmt":"2017-08-01T17:09:24","slug":"escoliosis-postural","status":"publish","type":"post","link":"https:\/\/www.ortocenter.es\/blog\/escoliosis-postural\/","title":{"rendered":"Escoliosis postural"},"content":{"rendered":"<p>&nbsp;<\/p>\n<p>&nbsp;<\/p>\n<blockquote><p><a href=\"http:\/\/www.ortocenter.es\/blog\/wp-content\/uploads\/2017\/02\/olenka-kotyk-75205.jpg\"><img decoding=\"async\" loading=\"lazy\" class=\"alignleft wp-image-1046 size-thumbnail\" src=\"http:\/\/www.ortocenter.es\/blog\/wp-content\/uploads\/2017\/02\/olenka-kotyk-75205-150x150.jpg\" width=\"150\" height=\"150\" \/><\/a><\/p>\n<p>Vigile las posturas de su hijo, sobre todo durante la adolescencia. Una mala posici\u00f3n de la espalda puede desembocar en una escoliosis anat\u00f3mica. En cualquier caso, diagnosticada a tiempo puede ser corregida con ejercicios especif\u00edcos o en su caso con un <a href=\"http:\/\/www.ortocenter.es\/cors\u00e9s-escoliosiscifosis.html\"><strong>cors\u00e9 ortop\u00e9dico<\/strong>.<\/a>\u00a0Consulte con su m\u00e9dico.<\/p>\n<p style=\"padding-left: 30px; text-align: right;\">Ignacio N\u00e1jera. Gerente de <strong>Ortopedia Orto-Center.<\/strong> Madrid<\/p>\n<\/blockquote>\n","protected":false},"excerpt":{"rendered":"<p>&nbsp; &nbsp; Vigile las posturas de su hijo, sobre todo durante la adolescencia. Una mala posici\u00f3n de la espalda puede desembocar en una escoliosis anat\u00f3mica. En cualquier caso, diagnosticada a tiempo puede ser corregida con ejercicios especif\u00edcos o en su caso con un cors\u00e9 ortop\u00e9dico.\u00a0Consulte con su m\u00e9dico. Ignacio N\u00e1jera. Gerente de Ortopedia Orto-Center. Madrid<\/p>\n","protected":false},"author":1,"featured_media":0,"comment_status":"open","ping_status":"open","sticky":false,"template":"","format":"aside","meta":[],"categories":[21],"tags":[164,37,162,163],"_links":{"self":[{"href":"https:\/\/www.ortocenter.es\/blog\/wp-json\/wp\/v2\/posts\/1056"}],"collection":[{"href":"https:\/\/www.ortocenter.es\/blog\/wp-json\/wp\/v2\/posts"}],"about":[{"href":"https:\/\/www.ortocenter.es\/blog\/wp-json\/wp\/v2\/types\/post"}],"author":[{"embeddable":true,"href":"https:\/\/www.ortocenter.es\/blog\/wp-json\/wp\/v2\/users\/1"}],"replies":[{"embeddable":true,"href":"https:\/\/www.ortocenter.es\/blog\/wp-json\/wp\/v2\/comments?post=1056"}],"version-history":[{"count":16,"href":"https:\/\/www.ortocenter.es\/blog\/wp-json\/wp\/v2\/posts\/1056\/revisions"}],"predecessor-version":[{"id":1501,"href":"https:\/\/www.ortocenter.es\/blog\/wp-json\/wp\/v2\/posts\/1056\/revisions\/1501"}],"wp:attachment":[{"href":"https:\/\/www.ortocenter.es\/blog\/wp-json\/wp\/v2\/media?parent=1056"}],"wp:term":[{"taxonomy":"category","embeddable":true,"href":"https:\/\/www.ortocenter.es\/blog\/wp-json\/wp\/v2\/categories?post=1056"},{"taxonomy":"post_tag","embeddable":true,"href":"https:\/\/www.ortocenter.es\/blog\/wp-json\/wp\/v2\/tags?post=1056"}],"curies":[{"name":"wp","href":"https:\/\/api.w.org\/{rel}","templated":true}]}}